{"id":3394,"date":"2026-09-03T16:11:02","date_gmt":"2026-09-03T16:11:02","guid":{"rendered":"https:\/\/www.virvelvindensdans.se\/?p=3394"},"modified":"2026-09-03T16:11:02","modified_gmt":"2026-09-03T16:11:02","slug":"valkommen-pa-hostfest-2","status":"publish","type":"post","link":"https:\/\/www.virvelvindensdans.se\/?p=3394","title":{"rendered":"V\u00e4lkommen p\u00e5 h\u00f6stfest!"},"content":{"rendered":"\n<p class=\"wp-block-paragraph\"><strong>Hej och v\u00e4lkommen p\u00e5 h\u00f6stfest l\u00f6rdagen den 3 oktober!<\/strong><br><strong>Den h\u00e4r danskv\u00e4llen subventionerar Virvelvindens dans kostnaderna f\u00f6r maten till alla<\/strong><br><strong>och intr\u00e4det f\u00f6r de dansg\u00e4ster som kommer senare.<\/strong><\/p>\n\n\n\n<p class=\"wp-block-paragraph\"><strong>Plats: <\/strong>Gr\u00f6nadals Bygdeg\u00e5rd, Vall\u00e5kra, Ryav\u00e4gen 38.<br>Insl\u00e4pp 17:15 och 17:30 serveras nattbakad karr\u00e9 med r\u00f6dvinss\u00e5s, savoyk\u00e5lsstuvning, rostade rotfrukter och potatis, sallad och br\u00f6d. Efter maten serveras kaffe eller te med liten chokladbit.<\/p>\n\n\n\n<p class=\"wp-block-paragraph\">Klockan <strong>19:00-23:00 dansar vi till Reml\u00e9ns.<\/strong><br>Det blir modern dans med inslag av bugg och foxtrot samt gammeldans (var 3:e)<br>Till pausen 21:00 serveras kaffe\/te och en god kaka.&nbsp;<\/p>\n\n\n\n<p class=\"wp-block-paragraph\">Har du en <strong>matallergi<\/strong>, \u00e4r det viktigt att meddela oss det senast vid anm\u00e4lan.<\/p>\n\n\n\n<p class=\"wp-block-paragraph\">Priset \u00e4r <strong>200 kronor <\/strong>inklusive entr\u00e9.<\/p>\n\n\n\n<p class=\"wp-block-paragraph\">Vatten p\u00e5 flaska och l\u00e4sk finns att k\u00f6pa, isvatten finns kostnadsfritt. \u00d6vriga drycker medtages.<\/p>\n\n\n\n<p class=\"wp-block-paragraph\">Anm\u00e4lan till maten \u00e4r bindande. Du anm\u00e4ler dig genom att betala in till Virvelvindens BG 761-1130 eller Swish 1234239810 <strong>senast fredagen den 25 september<\/strong>, kom ih\u00e5g att meddela matallergi.<\/p>\n\n\n\n<p class=\"wp-block-paragraph\">Vill du bara dansa och inte \u00e4ta, \u00e4r du v\u00e4lkommen till dansen som b\u00f6rjar 19:00. Priset \u00e4r <strong>100 kronor <\/strong>och betalas i entr\u00e9n. Kaffe\/te och en god kaka i pausen ing\u00e5r. Du beh\u00f6ver inte f\u00f6ranm\u00e4la dig.<\/p>\n\n\n\n<p class=\"wp-block-paragraph\">F\u00f6r mer information, ring Lena A p\u00e5 0733-24 13 42 eller Lena W 070-589 92 60.<\/p>\n","protected":false},"excerpt":{"rendered":"<p>Hej och v\u00e4lkommen p\u00e5 h\u00f6stfest l\u00f6rdagen den 3 oktober!Den h\u00e4r danskv\u00e4llen subventionerar Virvelvindens dans kostnaderna f\u00f6r maten till allaoch intr\u00e4det f\u00f6r de dansg\u00e4ster som kommer senare. Plats: Gr\u00f6nadals Bygdeg\u00e5rd, Vall\u00e5kra, Ryav\u00e4gen 38.Insl\u00e4pp 17:15 och 17:30 serveras nattbakad karr\u00e9 med r\u00f6dvinss\u00e5s, savoyk\u00e5lsstuvning, rostade rotfrukter och potatis, sallad och br\u00f6d. Efter maten serveras kaffe eller te med [&hellip;]<\/p>\n","protected":false},"author":9,"featured_media":0,"comment_status":"open","ping_status":"open","sticky":false,"template":"","format":"standard","meta":{"footnotes":""},"categories":[1],"tags":[],"class_list":["post-3394","post","type-post","status-publish","format-standard","hentry","category-uncategorized"],"_links":{"self":[{"href":"https:\/\/www.virvelvindensdans.se\/index.php?rest_route=\/wp\/v2\/posts\/3394","targetHints":{"allow":["GET"]}}],"collection":[{"href":"https:\/\/www.virvelvindensdans.se\/index.php?rest_route=\/wp\/v2\/posts"}],"about":[{"href":"https:\/\/www.virvelvindensdans.se\/index.php?rest_route=\/wp\/v2\/types\/post"}],"author":[{"embeddable":true,"href":"https:\/\/www.virvelvindensdans.se\/index.php?rest_route=\/wp\/v2\/users\/9"}],"replies":[{"embeddable":true,"href":"https:\/\/www.virvelvindensdans.se\/index.php?rest_route=%2Fwp%2Fv2%2Fcomments&post=3394"}],"version-history":[{"count":1,"href":"https:\/\/www.virvelvindensdans.se\/index.php?rest_route=\/wp\/v2\/posts\/3394\/revisions"}],"predecessor-version":[{"id":3395,"href":"https:\/\/www.virvelvindensdans.se\/index.php?rest_route=\/wp\/v2\/posts\/3394\/revisions\/3395"}],"wp:attachment":[{"href":"https:\/\/www.virvelvindensdans.se\/index.php?rest_route=%2Fwp%2Fv2%2Fmedia&parent=3394"}],"wp:term":[{"taxonomy":"category","embeddable":true,"href":"https:\/\/www.virvelvindensdans.se\/index.php?rest_route=%2Fwp%2Fv2%2Fcategories&post=3394"},{"taxonomy":"post_tag","embeddable":true,"href":"https:\/\/www.virvelvindensdans.se\/index.php?rest_route=%2Fwp%2Fv2%2Ftags&post=3394"}],"curies":[{"name":"wp","href":"https:\/\/api.w.org\/{rel}","templated":true}]}}